{"id":17836,"date":"2025-02-07T12:01:27","date_gmt":"2025-02-07T11:01:27","guid":{"rendered":"https:\/\/www.beefeed.com\/?p=17836"},"modified":"2025-02-28T11:34:27","modified_gmt":"2025-02-28T10:34:27","slug":"lapi-du-mois-48","status":"publish","type":"post","link":"https:\/\/www.beefeed.com\/fr\/lapi-du-mois-48\/","title":{"rendered":"L&rsquo;API du mois"},"content":{"rendered":"\n<p><strong>Mathieu DOMECQ<\/strong><br><em>R\u00e9dacteur en chef de l\u2019API du mois et du Blog<\/em><\/p>\n\n\n\n<p><strong>Au fur et \u00e0 mesure que les temp\u00e9ratures augmentent en f\u00e9vrier, l&rsquo;activit\u00e9 des abeilles reprend. Selon les zones g\u00e9ographiques, le printemps commence \u00e0 prendre ses marques. Cependant, il est important d\u2019encore rester vigilant face \u00e0 de possible gel\u00e9es qui pourraient affecter les colonies les plus fragiles.<\/strong><\/p>\n\n\n\n<p><strong>Ce mois-ci, nous allons d\u00e9couvrir comment les abeilles maintiennent leur chaleur. Ensuite, nous examinerons la mani\u00e8re dont se pr\u00e9sente la saison pour un d\u00e9butant avec sa premi\u00e8re ruche.<\/strong><\/p>\n\n\n\n<p><strong>Le saviez-vous ? Une fondatrice frelon asiatique captur\u00e9e en f\u00e9vrier, c\u2019est jusqu\u2019\u00e0 3 000 frelons asiatiques en moins sur la saison ! <\/strong>(source : <a href=\"http:\/\/ephytia.inra.fr\" target=\"_blank\" rel=\"noreferrer noopener\">ephytia.inra.fr<\/a>)<\/p>\n\n\n\n<figure class=\"wp-block-image size-full\"><img fetchpriority=\"high\" decoding=\"async\" width=\"528\" height=\"592\" src=\"https:\/\/www.beefeed.com\/wp-content\/uploads\/2023\/09\/API_Du_Mois_09-2023-Mathieu.jpg\" alt=\"Mathieu Domecq\" class=\"wp-image-15791\" srcset=\"https:\/\/www.beefeed.com\/wp-content\/uploads\/2023\/09\/API_Du_Mois_09-2023-Mathieu.jpg 528w, https:\/\/www.beefeed.com\/wp-content\/uploads\/2023\/09\/API_Du_Mois_09-2023-Mathieu-268x300.jpg 268w\" sizes=\"(max-width: 528px) 100vw, 528px\" \/><\/figure>\n\n\n\n&nbsp;\n\n\n\n<h2 class=\"wp-block-heading has-text-align-center has-text-color has-background has-link-color has-medium-font-size wp-elements-0a5554018a28650cdbb645e5c84a41fb\" id=\"h-les-travaux-du-mois\" style=\"border-style:none;border-width:0px;border-radius:40px;color:#6c3b0d;background-color:#ffdb00;line-height:1.2\"><strong>Les travaux du mois<\/strong><\/h2>\n\n\n\n<p>Tout reste encore incertain, des gel\u00e9es pourraient survenir malgr\u00e9 une remont\u00e9e g\u00e9n\u00e9rale des temp\u00e9ratures dans la plupart des r\u00e9gions. Voici les t\u00e2ches que l&rsquo;apiculteur doit accomplir en f\u00e9vrier pour se pr\u00e9parer \u00e0 la saison :<\/p>\n\n\n\n<p style=\"font-style:normal;font-weight:400\"><strong style=\"font-size:1.2em; text-decoration:underline\">Observer ses ruches sans les d\u00e9ranger<\/strong>&nbsp;: d\u00e8s l&rsquo;apparition des premiers jours ensoleill\u00e9s, vous observerez les premi\u00e8res abeilles butineuses commencer leur vol de nettoyage et collecter du pollen. Le fait que les abeilles soient actives r\u00e9guli\u00e8rement durant les journ\u00e9es ensoleill\u00e9es est un indicateur positif de la sant\u00e9 de la ruche.<\/p>\n\n\n\n<figure class=\"wp-block-image alignnone wp-image-17837 size-full\"><img decoding=\"async\" width=\"908\" height=\"606\" src=\"https:\/\/www.beefeed.com\/wp-content\/uploads\/2025\/02\/ApiDuMois_02_2025_Pic1.jpg\" alt=\"Abeille qui ram\u00e8ne du pollen \u00e0 la ruche sur ses pattes arri\u00e8res\" class=\"wp-image-17837\" srcset=\"https:\/\/www.beefeed.com\/wp-content\/uploads\/2025\/02\/ApiDuMois_02_2025_Pic1.jpg 908w, https:\/\/www.beefeed.com\/wp-content\/uploads\/2025\/02\/ApiDuMois_02_2025_Pic1-300x200.jpg 300w, https:\/\/www.beefeed.com\/wp-content\/uploads\/2025\/02\/ApiDuMois_02_2025_Pic1-768x513.jpg 768w\" sizes=\"(max-width: 908px) 100vw, 908px\" \/><figcaption class=\"wp-element-caption\">Abeille qui ram\u00e8ne du pollen \u00e0 la ruche sur ses pattes arri\u00e8res<\/figcaption><\/figure>\n\n\n\n<p style=\"font-style:normal;font-weight:400\"><strong style=\"font-size:1.2em; text-decoration:underline\">Pr\u00e9parer la lutte du frelon asiatique<\/strong>\u00a0 : les fondatrices (femelles f\u00e9cond\u00e9es) vont commencer \u00e0 sortir pour construire leurs nids. Pi\u00e9ger emp\u00eachera votre ruche d&rsquo;\u00eatre envahie par les frelons asiatiques cet \u00e9t\u00e9. Installez donc vos pi\u00e8ges pr\u00e8s des ruches ou des anciens nids de frelons asiatiques.<\/p>\n\n\n\n<p><strong style=\"font-size:1.2em; text-decoration:underline\">Surveiller les r\u00e9serves alimentaires<\/strong>&nbsp;: veillez \u00e0 ce qu&rsquo;il y aie constamment du candi accessible dans vos ruches, \u00e0 proximit\u00e9 de la grappe. Il est g\u00e9n\u00e9ralement indispensable d&rsquo;installer un deuxi\u00e8me pain de candi en f\u00e9vrier pour assurer une alimentation ad\u00e9quate jusqu&rsquo;\u00e0 l&rsquo;inspection printani\u00e8re fin mars. Un candi enrichi en prot\u00e9ines serait parfait pour soutenir les colonies affaiblies et stimuler la croissance des jeunes abeilles.<\/p>\n\n\n\n<figure class=\"wp-block-image alignnone size-full wp-image-17846\"><img decoding=\"async\" width=\"908\" height=\"680\" src=\"https:\/\/www.beefeed.com\/wp-content\/uploads\/2025\/02\/ApiDuMois_02_2025_Pic2.jpg\" alt=\"Les abeilles consomment le candi apport\u00e9 par l\u2019apiculteur.\" class=\"wp-image-17846\" srcset=\"https:\/\/www.beefeed.com\/wp-content\/uploads\/2025\/02\/ApiDuMois_02_2025_Pic2.jpg 908w, https:\/\/www.beefeed.com\/wp-content\/uploads\/2025\/02\/ApiDuMois_02_2025_Pic2-300x225.jpg 300w, https:\/\/www.beefeed.com\/wp-content\/uploads\/2025\/02\/ApiDuMois_02_2025_Pic2-768x575.jpg 768w\" sizes=\"(max-width: 908px) 100vw, 908px\" \/><figcaption class=\"wp-element-caption\">Les abeilles consomment le candi apport\u00e9 par l\u2019apiculteur.<\/figcaption><\/figure>\n\n\n\n<h2 class=\"wp-block-heading has-text-align-center has-text-color has-background has-link-color has-medium-font-size wp-elements-79d4d51bcef0da3fe42eb00dd8d51316\" id=\"h-les-fleurs-melliferes-du-mois\" style=\"border-style:none;border-width:0px;border-radius:40px;color:#6c3b0d;background-color:#ffdb00;line-height:1.2\"><strong>Les fleurs mellif\u00e8res du mois<\/strong><\/h2>\n\n\n\n<p>Le Mimosa, le Noisetier et la V\u00e9ronique<\/p>\n\n\n\n<p class=\"has-text-align-center has-text-color has-background has-link-color wp-elements-378b4e8b5a3d6deb5bca1206fd3b9c9e\" style=\"border-style:none;border-width:0px;border-radius:40px;color:#6c3b0d;background-color:#ffdb00;font-size:1.1em;line-height:1.2\"><a href=\"https:\/\/www.beefeed.com\/fr\/lapi-du-mois-48\/2\/\">Lisez le reste sur la page 2<\/a><\/p>\n\n\n\n&nbsp;\n\n\n\n<!--nextpage-->\n\n\n\n<h2 class=\"wp-block-heading has-text-align-center has-text-color has-background has-link-color has-medium-font-size wp-elements-a41d4586c637d0d648598747f4c538e6\" id=\"h-comment-les-abeilles-se-tiennent-chaud-en-hiver\" style=\"border-style:none;border-width:0px;border-radius:40px;color:#6c3b0d;background-color:#ffdb00;line-height:1.2\"><strong>Comment les abeilles se tiennent chaud en hiver ?<\/strong><\/h2>\n\n\n\n<p>En hiver beaucoup d&rsquo;insectes se prot\u00e8gent du froid et des intemp\u00e9ries avant la venue du printemps. Les abeilles mellif\u00e8res en font partie. Ainsi elles doivent conserver la chaleur qu&rsquo;elles g\u00e9n\u00e8rent \u00e0 l&rsquo;int\u00e9rieur de la ruche. La survie de la colonie en d\u00e9pend grandement !<\/p>\n\n\n\n<p>Les abeilles ne sortent pas en raison du froid et restent group\u00e9es au centre de la ruche pour former ce que l&rsquo;on appelle une grappe. Elles se d\u00e9placent donc tr\u00e8s peu, notamment pour s&rsquo;alimenter ; d&rsquo;o\u00f9 le fait de leurs apporter un pain de candi comme Apifonda, juste au-dessus de leur t\u00eate pour favoriser la prise de cet apport alimentaire. Gr\u00e2ce \u00e0 cet apport \u00e9nerg\u00e9tique, elles contractent r\u00e9guli\u00e8rement leurs muscles thoraciques pour produire de la chaleur. Elles vont donc pouvoir ainsi maintenir au sein du groupe une temp\u00e9rature sup\u00e9rieure \u00e0 10\u00b0C, assurant leur survie quelle que soit la temp\u00e9rature ext\u00e9rieure. D\u00e8s que les beaux jours seront de retour, la temp\u00e9rature au sein de la ruche remontera petit \u00e0 petit aux alentours de 35\u00b0C : une temp\u00e9rature optimale pour assurer le bon d\u00e9veloppement des \u0153ufs et des larves qui renouvelleront les ouvri\u00e8res adultes ayant pass\u00e9es tout l&rsquo;hiver.<\/p>\n\n\n\n<p>Des recherches ont montr\u00e9 la capacit\u00e9 des abeilles \u00e0 r\u00e9chauffer la ruche gr\u00e2ce \u00e0 des cam\u00e9ras thermiques. M\u00eame si l&rsquo;apiculteur d\u00e9butant a souvent envie d&rsquo;ouvrir ses ruches pour v\u00e9rifier si ses abeilles ne sont pas mortes, il faudra s\u2019abstenir en raison de la saison. En effet, ouvrir la ruche en hiver peut faire vite descendre la temp\u00e9rature sous les 10\u00b0C et la colonie peut en mourir. Alors comment savoir si les abeilles vont bien ?<\/p>\n\n\n\n<p>Au mieux, certains utilisent une cam\u00e9ra dite thermique, une cam\u00e9ra infrarouge, leur permettant de visualiser depuis l&rsquo;ext\u00e9rieur ce qu&rsquo;il se passe \u00e0 l&rsquo;int\u00e9rieur sans toucher aux abeilles. Une couleur bleu-violet indique une absence de chaleur contrairement \u00e0 un point color\u00e9 jaune et blanc qui indique la position exacte de la grappe d&rsquo;abeille qui \u00e9met de la chaleur. Pour autant, m\u00eame si ce dispositif est excellent pour contr\u00f4ler la vie dans les ruches, nous n&rsquo;allons pas forc\u00e9ment investir dans ce type d&rsquo;appareil pour observer ses abeilles.<\/p>\n\n\n\n<p>Le mieux reste encore de s\u2019armer de patience en ayant mis en place tous les moyens n\u00e9cessaires au bon hivernage depuis l&rsquo;automne dernier : isolation par le dessus, pose de candi, r\u00e9duction de la porte d&rsquo;entr\u00e9e et depuis peu, isolation au niveau de la planche d&rsquo;envol, ce que les fabricants de ruche appellent la \u201cchaussette\u201d de la ruche.<\/p>\n\n\n\n<h2 class=\"wp-block-heading has-text-align-center has-text-color has-background has-link-color has-medium-font-size wp-elements-830aa2ff3634bd4e319968e8544c79d7\" id=\"h-l-annee-apicole-pour-le-debutant\" style=\"border-style:none;border-width:0px;border-radius:40px;color:#6c3b0d;background-color:#ffdb00;line-height:1.2\"><strong>L\u2019ann\u00e9e apicole pour le d\u00e9butant ?<\/strong><\/h2>\n\n\n\n<p>Nous vous proposons ici un calendrier apicole, pour ceux qui d\u00e9butent dans l\u2019apiculture \u00e0 titre amateur. Bien entendu les t\u00e2ches \u00e0 ex\u00e9cuter chaque mois sont tr\u00e8s d\u00e9pendantes de la r\u00e9gion, de l&rsquo;altitude, du type de ruche, du type d&rsquo;abeille et plein d&rsquo;autres facteurs.<\/p>\n\n\n\n<p><strong style=\"font-size:1.2em; text-decoration:underline\">En f\u00e9vrier<\/strong>, les abeilles sont encore agglutin\u00e9es en grappe pour pr\u00e9server la temp\u00e9rature de la ruche comme on a pu le voir juste avant. Les premi\u00e8res butineuses effectuent le vol de propret\u00e9 pour nettoyer les d\u00e9bris de cire ou \u00e9vacuer les insectes morts dans la ruche. La reine commence \u00e0 reprendre sa ponte avec les premiers beaux jours, ce qui va doucement r\u00e9activer la dynamique de la colonie. C&rsquo;est le moment pour le d\u00e9butant de pr\u00e9parer son mat\u00e9riel, de peindre sa ruche et surtout de r\u00e9server un essaim pour le printemps.<\/p>\n\n\n\n<p><strong style=\"font-size:1.2em; text-decoration:underline\">Arrive le mois de mars<\/strong> ou sur les r\u00e9gions du sud de la France les colonies reprennent une bonne activit\u00e9. Pour sa premi\u00e8re saison l&rsquo;apiculteur d\u00e9butant pourra continuer \u00e0 s&rsquo;informer au travers de la lecture, des pratiques \u00e0 venir. Les apiculteurs confirm\u00e9s, effectueront la traditionnelle visite de printemps pour faire un \u00e9tat des lieux g\u00e9n\u00e9ral et v\u00e9rifier la population de couvin et les r\u00e9serves de nourriture dans chaque ruche.<\/p>\n\n\n\n<p><strong style=\"font-size:1.2em; text-decoration:underline\">Avril<\/strong> sera d\u00e9j\u00e0 mieux pour notre apiculture de loisirs. On rentre dans le vif du sujet ! C&rsquo;est le moment o\u00f9 notre essaim devrait \u00eatre pr\u00eat chez l&rsquo;\u00e9leveur. Il pourra ainsi \u00eatre install\u00e9 dans son jardin. Commence alors un gros travail d&rsquo;observation, car de semaine en semaine il faudra agrandir l&rsquo;espace de vie de sa colonie tout en stimulant la ponte de la reine avec un apport de sirop. Une fois le corps de ruche plein, viendra par le dessus, le moment de poser la hausse.<\/p>\n\n\n\n<figure class=\"wp-block-image alignnone size-full wp-image-17855\"><img loading=\"lazy\" decoding=\"async\" width=\"716\" height=\"478\" src=\"https:\/\/www.beefeed.com\/wp-content\/uploads\/2025\/02\/ApiDuMois_02_2025_Pic3.jpg\" alt=\"Abeilles en d\u00e9veloppement sur un cadre\" class=\"wp-image-17855\" srcset=\"https:\/\/www.beefeed.com\/wp-content\/uploads\/2025\/02\/ApiDuMois_02_2025_Pic3.jpg 716w, https:\/\/www.beefeed.com\/wp-content\/uploads\/2025\/02\/ApiDuMois_02_2025_Pic3-300x200.jpg 300w\" sizes=\"(max-width: 716px) 100vw, 716px\" \/><figcaption class=\"wp-element-caption\">Abeilles en d\u00e9veloppement sur un cadre<\/figcaption><\/figure>\n\n\n\n<p><strong style=\"font-size:1.2em; text-decoration:underline\">Au mois de mai<\/strong>, on surveille surtout la \u201cfi\u00e8vre de l&rsquo;essaimage\u201d qui pourrait gagner les plus fortes colonies. Elle s&rsquo;observe sur une tr\u00e8s grosse population d&rsquo;abeilles qui ne dispose plus suffisamment de place dans sa ruche. La reine et la moiti\u00e9 de ses abeilles s&rsquo;envolent alors pour trouver refuge ailleurs. Sur votre premier essai de l&rsquo;ann\u00e9e vous ne devriez pas observer ce ph\u00e9nom\u00e8ne. Si la hausse commence \u00e0 bien se remplir, il faudra, au courant du mois de juin, bien surveiller l&rsquo;espace disponible et \u00e9ventuellement rajouter une seconde hausse.<\/p>\n\n\n\n<p><strong style=\"font-size:1.2em; text-decoration:underline\">Juillet-ao\u00fbt<\/strong>, selon les r\u00e9gions, est signe de r\u00e9colte pour l\u2019apiculteur. On pourra enfin sortir le pr\u00e9cieux miel de ses abeilles ! Mais il faudra aussi penser au traitement du Varroa, auquel cas vous risquez vite de perdre vos colonies en d\u00e9but d&rsquo;automne. L\u2019\u00e9t\u00e9 est aussi la redoutable p\u00e9riode des frelons asiatique ! Un pi\u00e9geage sera de mise pour \u00e9viter des attaques importantes.<\/p>\n\n\n\n<p><strong style=\"font-size:1.2em; text-decoration:underline\">En septembre et octobre<\/strong> l\u2019apiculteur devra \u00eatre vigilant sur l&rsquo;apport alimentaire. La colonie devra compter suffisamment de cadres de miel, de pollen et un joli couvain. On interviendra en nourrissant \u00e0 nouveau l\u2019essaim avec du sirop tant qu\u2019il ne fait pas trop froid, et pour cr\u00e9er du stock ; et en candi (plut\u00f4t en hiver) quand elles ne pourront plus absorber le sirop. Il faudra r\u00e9tr\u00e9cir les entr\u00e9es, et poser l\u2019isolation de la ruche. Le cycle hivernal de colonie commencera d\u00e8s la fin de l\u2019automne\u2026<\/p>\n\n\n\n<p>Comme d\u2019habitude, partagez-nous vos photos : on les publiera sur notre site depuis les r\u00e9seaux sociaux avec le hashtag : #apifonda #apiinvert !<\/p>\n\n\n\n<p>On se retrouve d\u00e8s le mois prochain sur votre blog&nbsp; API avec votre fid\u00e8le partenaire, Les Ruchers De Mathieu&nbsp;!<\/p>\n\n\n\n<figure class=\"wp-block-image\"><img loading=\"lazy\" decoding=\"async\" width=\"300\" height=\"138\" src=\"https:\/\/www.beefeed.com\/wp-content\/uploads\/2021\/12\/LOGO-LRDM-avec-abeille-300x138.png\" alt=\"LES RUCHERS DE MATHIEU Honey & Beekeeping Shop Photos \u00a9lesruchersdemathieu \" class=\"wp-image-10081\" srcset=\"https:\/\/www.beefeed.com\/wp-content\/uploads\/2021\/12\/LOGO-LRDM-avec-abeille-300x138.png 300w, https:\/\/www.beefeed.com\/wp-content\/uploads\/2021\/12\/LOGO-LRDM-avec-abeille-768x353.png 768w, https:\/\/www.beefeed.com\/wp-content\/uploads\/2021\/12\/LOGO-LRDM-avec-abeille.png 886w\" sizes=\"(max-width: 300px) 100vw, 300px\" \/><\/figure>\n\n\n\n<p><strong>LES RUCHERS DE MATHIEU<\/strong><br>Miellerie & Magasin d\u2019Apiculture<\/p>\n\n\n\n<p><em>Photos \u00a9lesruchersdemathieu<\/em><\/p>\n","protected":false},"excerpt":{"rendered":"<p>Au fur et \u00e0 mesure que les temp\u00e9ratures augmentent en f\u00e9vrier, l&rsquo;activit\u00e9 des abeilles reprend. Selon les zones g\u00e9ographiques, le printemps commence \u00e0 prendre ses marques. Cependant, il est important d\u2019encore rester vigilant face \u00e0 de possible gel\u00e9es qui pourraient affecter les colonies les plus fragiles.<\/p>\n","protected":false},"author":1,"featured_media":0,"comment_status":"closed","ping_status":"closed","sticky":false,"template":"","format":"standard","meta":{"_acf_changed":false,"footnotes":"","_links_to":"","_links_to_target":"","_wp_rev_ctl_limit":""},"categories":[1207],"tags":[],"class_list":["post-17836","post","type-post","status-publish","format-standard","hentry","category-api-of-the-month-fr"],"acf":[],"yoast_head":"<!-- This site is optimized with the Yoast SEO Premium plugin v25.6 (Yoast SEO v25.6) - https:\/\/yoast.com\/wordpress\/plugins\/seo\/ -->\n<title>API - L&#039;API du mois<\/title>\n<meta name=\"robots\" content=\"index, follow, max-snippet:-1, max-image-preview:large, max-video-preview:-1\" \/>\n<link rel=\"canonical\" href=\"https:\/\/www.beefeed.com\/fr\/lapi-du-mois-48\/\" \/>\n<link rel=\"next\" href=\"https:\/\/www.beefeed.com\/fr\/lapi-du-mois-48\/2\/\" \/>\n<meta property=\"og:locale\" content=\"fr_FR\" \/>\n<meta property=\"og:type\" content=\"article\" \/>\n<meta property=\"og:title\" content=\"L&#039;API du mois\" \/>\n<meta property=\"og:description\" content=\"Au fur et \u00e0 mesure que les temp\u00e9ratures augmentent en f\u00e9vrier, l&#039;activit\u00e9 des abeilles reprend. Selon les zones g\u00e9ographiques, le printemps commence \u00e0 prendre ses marques. Cependant, il est important d\u2019encore rester vigilant face \u00e0 de possible gel\u00e9es qui pourraient affecter les colonies les plus fragiles.\" \/>\n<meta property=\"og:url\" content=\"https:\/\/www.beefeed.com\/fr\/lapi-du-mois-48\/\" \/>\n<meta property=\"og:site_name\" content=\"API\" \/>\n<meta property=\"article:published_time\" content=\"2025-02-07T11:01:27+00:00\" \/>\n<meta property=\"article:modified_time\" content=\"2025-02-28T10:34:27+00:00\" \/>\n<meta property=\"og:image\" content=\"https:\/\/www.beefeed.com\/wp-content\/uploads\/2023\/09\/API_Du_Mois_09-2023-Mathieu.jpg\" \/>\n<meta name=\"author\" content=\"John Doe\" \/>\n<meta name=\"twitter:card\" content=\"summary_large_image\" \/>\n<meta name=\"twitter:label1\" content=\"\u00c9crit par\" \/>\n\t<meta name=\"twitter:data1\" content=\"John Doe\" \/>\n\t<meta name=\"twitter:label2\" content=\"Dur\u00e9e de lecture estim\u00e9e\" \/>\n\t<meta name=\"twitter:data2\" content=\"7 minutes\" \/>\n<script type=\"application\/ld+json\" class=\"yoast-schema-graph\">{\"@context\":\"https:\/\/schema.org\",\"@graph\":[{\"@type\":\"Article\",\"@id\":\"https:\/\/www.beefeed.com\/fr\/lapi-du-mois-48\/#article\",\"isPartOf\":{\"@id\":\"https:\/\/www.beefeed.com\/fr\/lapi-du-mois-48\/\"},\"author\":{\"name\":\"John Doe\",\"@id\":\"https:\/\/www.beefeed.com\/fr\/#\/schema\/person\/5449eb5478a4aadd0306f25468f707b0\"},\"headline\":\"L&rsquo;API du mois\",\"datePublished\":\"2025-02-07T11:01:27+00:00\",\"dateModified\":\"2025-02-28T10:34:27+00:00\",\"mainEntityOfPage\":{\"@id\":\"https:\/\/www.beefeed.com\/fr\/lapi-du-mois-48\/\"},\"wordCount\":1520,\"publisher\":{\"@id\":\"https:\/\/www.beefeed.com\/fr\/#organization\"},\"image\":{\"@id\":\"https:\/\/www.beefeed.com\/fr\/lapi-du-mois-48\/#primaryimage\"},\"thumbnailUrl\":\"https:\/\/www.beefeed.com\/wp-content\/uploads\/2023\/09\/API_Du_Mois_09-2023-Mathieu.jpg\",\"articleSection\":[\"API of the month\"],\"inLanguage\":\"fr-FR\"},{\"@type\":\"WebPage\",\"@id\":\"https:\/\/www.beefeed.com\/fr\/lapi-du-mois-48\/\",\"url\":\"https:\/\/www.beefeed.com\/fr\/lapi-du-mois-48\/\",\"name\":\"API - L'API du mois\",\"isPartOf\":{\"@id\":\"https:\/\/www.beefeed.com\/fr\/#website\"},\"primaryImageOfPage\":{\"@id\":\"https:\/\/www.beefeed.com\/fr\/lapi-du-mois-48\/#primaryimage\"},\"image\":{\"@id\":\"https:\/\/www.beefeed.com\/fr\/lapi-du-mois-48\/#primaryimage\"},\"thumbnailUrl\":\"https:\/\/www.beefeed.com\/wp-content\/uploads\/2023\/09\/API_Du_Mois_09-2023-Mathieu.jpg\",\"datePublished\":\"2025-02-07T11:01:27+00:00\",\"dateModified\":\"2025-02-28T10:34:27+00:00\",\"inLanguage\":\"fr-FR\",\"potentialAction\":[{\"@type\":\"ReadAction\",\"target\":[\"https:\/\/www.beefeed.com\/fr\/lapi-du-mois-48\/\"]}]},{\"@type\":\"ImageObject\",\"inLanguage\":\"fr-FR\",\"@id\":\"https:\/\/www.beefeed.com\/fr\/lapi-du-mois-48\/#primaryimage\",\"url\":\"https:\/\/www.beefeed.com\/wp-content\/uploads\/2023\/09\/API_Du_Mois_09-2023-Mathieu.jpg\",\"contentUrl\":\"https:\/\/www.beefeed.com\/wp-content\/uploads\/2023\/09\/API_Du_Mois_09-2023-Mathieu.jpg\"},{\"@type\":\"WebSite\",\"@id\":\"https:\/\/www.beefeed.com\/fr\/#website\",\"url\":\"https:\/\/www.beefeed.com\/fr\/\",\"name\":\"API\",\"description\":\"\",\"publisher\":{\"@id\":\"https:\/\/www.beefeed.com\/fr\/#organization\"},\"potentialAction\":[{\"@type\":\"SearchAction\",\"target\":{\"@type\":\"EntryPoint\",\"urlTemplate\":\"https:\/\/www.beefeed.com\/fr\/?s={search_term_string}\"},\"query-input\":{\"@type\":\"PropertyValueSpecification\",\"valueRequired\":true,\"valueName\":\"search_term_string\"}}],\"inLanguage\":\"fr-FR\"},{\"@type\":\"Organization\",\"@id\":\"https:\/\/www.beefeed.com\/fr\/#organization\",\"name\":\"Suedzucker AG\",\"url\":\"https:\/\/www.beefeed.com\/fr\/\",\"logo\":{\"@type\":\"ImageObject\",\"inLanguage\":\"fr-FR\",\"@id\":\"https:\/\/www.beefeed.com\/fr\/#\/schema\/logo\/image\/\",\"url\":\"https:\/\/www.beefeed.com\/wp-content\/uploads\/2019\/06\/Logo-API-e1560863497158.png\",\"contentUrl\":\"https:\/\/www.beefeed.com\/wp-content\/uploads\/2019\/06\/Logo-API-e1560863497158.png\",\"width\":1772,\"height\":1890,\"caption\":\"Suedzucker AG\"},\"image\":{\"@id\":\"https:\/\/www.beefeed.com\/fr\/#\/schema\/logo\/image\/\"}},{\"@type\":\"Person\",\"@id\":\"https:\/\/www.beefeed.com\/fr\/#\/schema\/person\/5449eb5478a4aadd0306f25468f707b0\",\"name\":\"John Doe\",\"image\":{\"@type\":\"ImageObject\",\"inLanguage\":\"fr-FR\",\"@id\":\"https:\/\/www.beefeed.com\/fr\/#\/schema\/person\/image\/\",\"url\":\"https:\/\/secure.gravatar.com\/avatar\/eb52dc9cbbf363c45eb52911441d8190cd00bf6d3f569cc43c986e4bf9c0da1b?s=96&d=mm&r=g\",\"contentUrl\":\"https:\/\/secure.gravatar.com\/avatar\/eb52dc9cbbf363c45eb52911441d8190cd00bf6d3f569cc43c986e4bf9c0da1b?s=96&d=mm&r=g\",\"caption\":\"John Doe\"},\"description\":\"Hello world!\"}]}<\/script>\n<!-- \/ Yoast SEO Premium plugin. -->","yoast_head_json":{"title":"API - L'API du mois","robots":{"index":"index","follow":"follow","max-snippet":"max-snippet:-1","max-image-preview":"max-image-preview:large","max-video-preview":"max-video-preview:-1"},"canonical":"https:\/\/www.beefeed.com\/fr\/lapi-du-mois-48\/","next":"https:\/\/www.beefeed.com\/fr\/lapi-du-mois-48\/2\/","og_locale":"fr_FR","og_type":"article","og_title":"L'API du mois","og_description":"Au fur et \u00e0 mesure que les temp\u00e9ratures augmentent en f\u00e9vrier, l'activit\u00e9 des abeilles reprend. Selon les zones g\u00e9ographiques, le printemps commence \u00e0 prendre ses marques. Cependant, il est important d\u2019encore rester vigilant face \u00e0 de possible gel\u00e9es qui pourraient affecter les colonies les plus fragiles.","og_url":"https:\/\/www.beefeed.com\/fr\/lapi-du-mois-48\/","og_site_name":"API","article_published_time":"2025-02-07T11:01:27+00:00","article_modified_time":"2025-02-28T10:34:27+00:00","og_image":[{"url":"https:\/\/www.beefeed.com\/wp-content\/uploads\/2023\/09\/API_Du_Mois_09-2023-Mathieu.jpg","type":"","width":"","height":""}],"author":"John Doe","twitter_card":"summary_large_image","twitter_misc":{"\u00c9crit par":"John Doe","Dur\u00e9e de lecture estim\u00e9e":"7 minutes"},"schema":{"@context":"https:\/\/schema.org","@graph":[{"@type":"Article","@id":"https:\/\/www.beefeed.com\/fr\/lapi-du-mois-48\/#article","isPartOf":{"@id":"https:\/\/www.beefeed.com\/fr\/lapi-du-mois-48\/"},"author":{"name":"John Doe","@id":"https:\/\/www.beefeed.com\/fr\/#\/schema\/person\/5449eb5478a4aadd0306f25468f707b0"},"headline":"L&rsquo;API du mois","datePublished":"2025-02-07T11:01:27+00:00","dateModified":"2025-02-28T10:34:27+00:00","mainEntityOfPage":{"@id":"https:\/\/www.beefeed.com\/fr\/lapi-du-mois-48\/"},"wordCount":1520,"publisher":{"@id":"https:\/\/www.beefeed.com\/fr\/#organization"},"image":{"@id":"https:\/\/www.beefeed.com\/fr\/lapi-du-mois-48\/#primaryimage"},"thumbnailUrl":"https:\/\/www.beefeed.com\/wp-content\/uploads\/2023\/09\/API_Du_Mois_09-2023-Mathieu.jpg","articleSection":["API of the month"],"inLanguage":"fr-FR"},{"@type":"WebPage","@id":"https:\/\/www.beefeed.com\/fr\/lapi-du-mois-48\/","url":"https:\/\/www.beefeed.com\/fr\/lapi-du-mois-48\/","name":"API - L'API du mois","isPartOf":{"@id":"https:\/\/www.beefeed.com\/fr\/#website"},"primaryImageOfPage":{"@id":"https:\/\/www.beefeed.com\/fr\/lapi-du-mois-48\/#primaryimage"},"image":{"@id":"https:\/\/www.beefeed.com\/fr\/lapi-du-mois-48\/#primaryimage"},"thumbnailUrl":"https:\/\/www.beefeed.com\/wp-content\/uploads\/2023\/09\/API_Du_Mois_09-2023-Mathieu.jpg","datePublished":"2025-02-07T11:01:27+00:00","dateModified":"2025-02-28T10:34:27+00:00","inLanguage":"fr-FR","potentialAction":[{"@type":"ReadAction","target":["https:\/\/www.beefeed.com\/fr\/lapi-du-mois-48\/"]}]},{"@type":"ImageObject","inLanguage":"fr-FR","@id":"https:\/\/www.beefeed.com\/fr\/lapi-du-mois-48\/#primaryimage","url":"https:\/\/www.beefeed.com\/wp-content\/uploads\/2023\/09\/API_Du_Mois_09-2023-Mathieu.jpg","contentUrl":"https:\/\/www.beefeed.com\/wp-content\/uploads\/2023\/09\/API_Du_Mois_09-2023-Mathieu.jpg"},{"@type":"WebSite","@id":"https:\/\/www.beefeed.com\/fr\/#website","url":"https:\/\/www.beefeed.com\/fr\/","name":"API","description":"","publisher":{"@id":"https:\/\/www.beefeed.com\/fr\/#organization"},"potentialAction":[{"@type":"SearchAction","target":{"@type":"EntryPoint","urlTemplate":"https:\/\/www.beefeed.com\/fr\/?s={search_term_string}"},"query-input":{"@type":"PropertyValueSpecification","valueRequired":true,"valueName":"search_term_string"}}],"inLanguage":"fr-FR"},{"@type":"Organization","@id":"https:\/\/www.beefeed.com\/fr\/#organization","name":"Suedzucker AG","url":"https:\/\/www.beefeed.com\/fr\/","logo":{"@type":"ImageObject","inLanguage":"fr-FR","@id":"https:\/\/www.beefeed.com\/fr\/#\/schema\/logo\/image\/","url":"https:\/\/www.beefeed.com\/wp-content\/uploads\/2019\/06\/Logo-API-e1560863497158.png","contentUrl":"https:\/\/www.beefeed.com\/wp-content\/uploads\/2019\/06\/Logo-API-e1560863497158.png","width":1772,"height":1890,"caption":"Suedzucker AG"},"image":{"@id":"https:\/\/www.beefeed.com\/fr\/#\/schema\/logo\/image\/"}},{"@type":"Person","@id":"https:\/\/www.beefeed.com\/fr\/#\/schema\/person\/5449eb5478a4aadd0306f25468f707b0","name":"John Doe","image":{"@type":"ImageObject","inLanguage":"fr-FR","@id":"https:\/\/www.beefeed.com\/fr\/#\/schema\/person\/image\/","url":"https:\/\/secure.gravatar.com\/avatar\/eb52dc9cbbf363c45eb52911441d8190cd00bf6d3f569cc43c986e4bf9c0da1b?s=96&d=mm&r=g","contentUrl":"https:\/\/secure.gravatar.com\/avatar\/eb52dc9cbbf363c45eb52911441d8190cd00bf6d3f569cc43c986e4bf9c0da1b?s=96&d=mm&r=g","caption":"John Doe"},"description":"Hello world!"}]}},"_links":{"self":[{"href":"https:\/\/www.beefeed.com\/fr\/wp-json\/wp\/v2\/posts\/17836","targetHints":{"allow":["GET"]}}],"collection":[{"href":"https:\/\/www.beefeed.com\/fr\/wp-json\/wp\/v2\/posts"}],"about":[{"href":"https:\/\/www.beefeed.com\/fr\/wp-json\/wp\/v2\/types\/post"}],"author":[{"embeddable":true,"href":"https:\/\/www.beefeed.com\/fr\/wp-json\/wp\/v2\/users\/1"}],"replies":[{"embeddable":true,"href":"https:\/\/www.beefeed.com\/fr\/wp-json\/wp\/v2\/comments?post=17836"}],"version-history":[{"count":0,"href":"https:\/\/www.beefeed.com\/fr\/wp-json\/wp\/v2\/posts\/17836\/revisions"}],"wp:attachment":[{"href":"https:\/\/www.beefeed.com\/fr\/wp-json\/wp\/v2\/media?parent=17836"}],"wp:term":[{"taxonomy":"category","embeddable":true,"href":"https:\/\/www.beefeed.com\/fr\/wp-json\/wp\/v2\/categories?post=17836"},{"taxonomy":"post_tag","embeddable":true,"href":"https:\/\/www.beefeed.com\/fr\/wp-json\/wp\/v2\/tags?post=17836"}],"curies":[{"name":"wp","href":"https:\/\/api.w.org\/{rel}","templated":true}]}}